{"id":2132,"date":"2022-05-04T09:05:10","date_gmt":"2022-05-04T07:05:10","guid":{"rendered":"https:\/\/historiadelderecho.umh.es\/?p=2132"},"modified":"2023-03-30T10:35:36","modified_gmt":"2023-03-30T08:35:36","slug":"la-vida-en-leon-hace-mil-anos-en-base-a-los-preceptos-municipales-del-fuero-de-1020","status":"publish","type":"post","link":"https:\/\/historiadelderecho.umh.es\/ca\/2022\/05\/04\/la-vida-en-leon-hace-mil-anos-en-base-a-los-preceptos-municipales-del-fuero-de-1020\/","title":{"rendered":"La vida en Le\u00f3n hace mil a\u00f1os en base a los preceptos municipales del Fuero de 1020"},"content":{"rendered":"<p>[et_pb_section fb_built=&#8221;1&#8243; admin_label=&#8221;section&#8221; _builder_version=&#8221;4.16&#8243; global_colors_info=&#8221;{}&#8221;][et_pb_row admin_label=&#8221;row&#8221; _builder_version=&#8221;4.16&#8243; background_size=&#8221;initial&#8221; background_position=&#8221;top_left&#8221; background_repeat=&#8221;repeat&#8221; global_colors_info=&#8221;{}&#8221; column_structure=&#8221;1_3,2_3&#8243;][et_pb_column type=&#8221;1_3&#8243; _builder_version=&#8221;4.16&#8243; custom_padding=&#8221;|||&#8221; global_colors_info=&#8221;{}&#8221; custom_padding__hover=&#8221;|||&#8221;][et_pb_image _builder_version=&#8221;4.17.4&#8243; _module_preset=&#8221;default&#8221; title_text=&#8221;Arvizu-2022-212&#215;300&#8243; src=&#8221;https:\/\/historiadelderecho.umh.es\/files\/2022\/05\/Arvizu-2022-212&#215;300-1.jpg&#8221; hover_enabled=&#8221;0&#8243; sticky_enabled=&#8221;0&#8243;][\/et_pb_image][\/et_pb_column][et_pb_column type=&#8221;2_3&#8243; _builder_version=&#8221;4.16&#8243; custom_padding=&#8221;|||&#8221; global_colors_info=&#8221;{}&#8221; custom_padding__hover=&#8221;|||&#8221;][et_pb_text _builder_version=&#8221;4.17.4&#8243; _module_preset=&#8221;default&#8221; hover_enabled=&#8221;0&#8243; sticky_enabled=&#8221;0&#8243;]<\/p>\n<p style=\"text-align: justify\">El Catedr\u00e1tico de Historia del Derecho y de las Instituciones de la Universidad de Le\u00f3n, <strong>Fernando de Arvizu y Galarraga<\/strong>, impartir\u00e1 la conferencia titulada <em><strong>La vida en Le\u00f3n hace mil a\u00f1os en base a los preceptos municipales del Fuero de 1020<\/strong>.\u00a0<\/em>El acto se celebrar\u00e1 en el <strong>Seminario prof. Ricardo G\u00f3mez Rivero<\/strong>, en el Edificio Torreva\u00edllo, el pr\u00f3ximo <strong>17 de mayo de 2022 a las 17:30h.<\/strong><\/p>\n<p style=\"text-align: justify\">El Doctor\u00a0 Arvizu es Acad\u00e9mico de Honor de la Real Academia de la Jurisprudencia y Legislaci\u00f3n, as\u00ed como Correspondiente de la Academia Nacional de Historia de Argentina. Autor fecundo en su disciplina, el profesor Arvizu ha publicado una larga serie de trabajos que abarcan diversos campos de investigaci\u00f3n, entre los que destacan: Derecho privado y p\u00fablico en la Alta Edad Media, Derecho p\u00fablico en la Edad Moderna y Derecho Indiano. A lo largo de su prol\u00edfica carrera acad\u00e9mica, ha dedicado especial atenci\u00f3n a los Decretos de 1188 y a los Fueros de Alfonso V, ambos monumentos jur\u00eddicos leoneses.<\/p>\n<p style=\"text-align: justify\">La conferencia se enmarca en el programa de actividades previsto para el curso de Doctorado en Ciencias Sociales y Jur\u00eddicas,<em>\u00a0<\/em>organizado por el Departamento de Ciencia Jur\u00eddica de la Universidad Miguel Hern\u00e1ndez.<\/p>\n<p>&nbsp;<\/p>\n<p>[\/et_pb_text][et_pb_button _builder_version=&#8221;4.17.4&#8243; _module_preset=&#8221;default&#8221; button_text=&#8221;V\u00eddeo&#8221; button_url=&#8221;https:\/\/www.youtube.com\/watch?v=pVDFpY_entQ&amp;list=PLClKgnzRFYe6BJWWFH55LJu3bMI3B7K0R&amp;index=2&#8243; url_new_window=&#8221;on&#8221; custom_button=&#8221;on&#8221; button_text_size=&#8221;14px&#8221; button_text_color=&#8221;#000000&#8243; hover_enabled=&#8221;0&#8243; sticky_enabled=&#8221;0&#8243;][\/et_pb_button][\/et_pb_column][\/et_pb_row][\/et_pb_section]<\/p>\n","protected":false},"excerpt":{"rendered":"<p>El Catedr\u00e1tico de Historia del Derecho y de las Instituciones de la Universidad de Le\u00f3n, Fernando de Arvizu y Galarraga, impartir\u00e1 la conferencia titulada La vida en Le\u00f3n hace mil a\u00f1os en base a los preceptos municipales del Fuero de 1020.\u00a0El acto se celebrar\u00e1 en el Seminario prof. Ricardo G\u00f3mez Rivero, en el Edificio Torreva\u00edllo, [&hellip;]<\/p>\n","protected":false},"author":5726,"featured_media":0,"comment_status":"closed","ping_status":"open","sticky":false,"template":"","format":"standard","meta":{"_et_pb_use_builder":"on","_et_pb_old_content":"<p style=\"text-align: justify\"><a href=\"https:\/\/historiadelderecho.umh.es\/files\/2022\/05\/Arvizu-2022-scaled.jpg\"><img class=\"alignleft size-medium wp-image-2135\" src=\"https:\/\/historiadelderecho.umh.es\/files\/2022\/05\/Arvizu-2022-212x300.jpg\" alt=\"\" width=\"212\" height=\"300\" \/><\/a>El catedr\u00e1tico de historia del Derecho y de las Instituciones de la Universidad de Le\u00f3n, Fernando de Arvizu y Galarraga, impartir\u00e1 la conferencia titulada <em>La vida en Le\u00f3n hace mil a\u00f1os en base a los preceptos municipales del Fuero de 1020.\u00a0<\/em>El acto se celebrar\u00e1 en el Seminario prof. Ricardo G\u00f3mez Rivero, en el Edificio Torreva\u00edllo, el pr\u00f3ximo 17 de mayo de 2022 a las 17:30h.<\/p>\r\n<p style=\"text-align: justify\">El profesor Arvizu ha publicado una larga serie de trabajos que abarcan todos los campos de su especialidad: la Historia del Derecho. Autor de varias monograf\u00edas, es tambi\u00e9n miembro de varias Academias como Correspondiente. Entre ellas, la Real Academia de la Historia, Academia Nacional de Historia (Argentina) y Academia de Legislaci\u00f3n de Toulouse (Francia). En su prol\u00edfica actividad investigadora, ha dedicado especial atenci\u00f3n a los Decretos de 1188 y a los Fueros de Alfonso V, ambos monumentos jur\u00eddicos leoneses.<\/p>\r\n<p style=\"text-align: justify\">La conferencia se enmarca en el programa de actividades previsto para el curso de Doctorado en Ciencias Sociales y Jur\u00eddicas,<em>\u00a0<\/em>organizado por el Departamento de Ciencia Jur\u00eddica de la Universidad Miguel Hern\u00e1ndez.<\/p>","_et_gb_content_width":"","_links_to":"","_links_to_target":""},"categories":[260,23],"tags":[],"_links":{"self":[{"href":"https:\/\/historiadelderecho.umh.es\/ca\/wp-json\/wp\/v2\/posts\/2132"}],"collection":[{"href":"https:\/\/historiadelderecho.umh.es\/ca\/wp-json\/wp\/v2\/posts"}],"about":[{"href":"https:\/\/historiadelderecho.umh.es\/ca\/wp-json\/wp\/v2\/types\/post"}],"author":[{"embeddable":true,"href":"https:\/\/historiadelderecho.umh.es\/ca\/wp-json\/wp\/v2\/users\/5726"}],"replies":[{"embeddable":true,"href":"https:\/\/historiadelderecho.umh.es\/ca\/wp-json\/wp\/v2\/comments?post=2132"}],"version-history":[{"count":0,"href":"https:\/\/historiadelderecho.umh.es\/ca\/wp-json\/wp\/v2\/posts\/2132\/revisions"}],"wp:attachment":[{"href":"https:\/\/historiadelderecho.umh.es\/ca\/wp-json\/wp\/v2\/media?parent=2132"}],"wp:term":[{"taxonomy":"category","embeddable":true,"href":"https:\/\/historiadelderecho.umh.es\/ca\/wp-json\/wp\/v2\/categories?post=2132"},{"taxonomy":"post_tag","embeddable":true,"href":"https:\/\/historiadelderecho.umh.es\/ca\/wp-json\/wp\/v2\/tags?post=2132"}],"curies":[{"name":"wp","href":"https:\/\/api.w.org\/{rel}","templated":true}]}}