{"id":2138,"date":"2022-05-05T18:25:12","date_gmt":"2022-05-05T16:25:12","guid":{"rendered":"https:\/\/historiadelderecho.umh.es\/?p=2138"},"modified":"2022-05-16T10:03:35","modified_gmt":"2022-05-16T08:03:35","slug":"jornadas-de-estudio-el-fascismo-generico-desde-el-cine-postmoderno-distopias-y-fascismo","status":"publish","type":"post","link":"https:\/\/historiadelderecho.umh.es\/ca\/2022\/05\/05\/jornadas-de-estudio-el-fascismo-generico-desde-el-cine-postmoderno-distopias-y-fascismo\/","title":{"rendered":"Jornadas de estudio: El fascismo gen\u00e9rico desde el cine postmoderno. Distop\u00edas y fascismo"},"content":{"rendered":"<p>[et_pb_section fb_built=&#8221;1&#8243; admin_label=&#8221;section&#8221; _builder_version=&#8221;3.22&#8243;][et_pb_row admin_label=&#8221;row&#8221; _builder_version=&#8221;3.25&#8243; background_size=&#8221;initial&#8221; background_position=&#8221;top_left&#8221; background_repeat=&#8221;repeat&#8221;][et_pb_column type=&#8221;4_4&#8243; _builder_version=&#8221;3.25&#8243; custom_padding=&#8221;|||&#8221; custom_padding__hover=&#8221;|||&#8221;][et_pb_text admin_label=&#8221;Text&#8221; _builder_version=&#8221;3.27.4&#8243; background_size=&#8221;initial&#8221; background_position=&#8221;top_left&#8221; background_repeat=&#8221;repeat&#8221;]<\/p>\n<p style=\"text-align: justify\"><a href=\"https:\/\/historiadelderecho.umh.es\/files\/2022\/05\/Fascismo-y-cine-distopico-.png\"><img loading=\"lazy\" class=\"alignleft size-medium wp-image-2210\" src=\"https:\/\/historiadelderecho.umh.es\/files\/2022\/05\/Fascismo-y-cine-distopico--212x300.png\" alt=\"\" width=\"212\" height=\"300\" \/><\/a>Est<span style=\"text-align: justify\">im<\/span><span style=\"text-align: justify\">ados\/as alumnos:<\/span><\/p>\n<p style=\"text-align: justify\">Los pr<span style=\"text-align: justify\">\u00f3x<\/span><span style=\"text-align: justify\">imos d\u00edas<\/span><span style=\"text-align: justify\"> 19, 24 y 26 de mayo tendr\u00e1n lugar las <\/span><span style=\"text-align: justify\">Jornadas de estudio: <em><strong>El fascismo gen\u00e9rico desde el cine postmoderno. Distop\u00edas y fascismo<\/strong><\/em><\/span><span style=\"text-align: justify\">. Sus sesiones se desarrollar\u00e1n en <strong>formato dual<\/strong>, siendo las presenciales en el <strong>Aula 1.5 del Edificio Casa del Paso<\/strong>, Campus de Orihuela, de 16:00h a 18:00h.<\/span><\/p>\n<p style=\"text-align: justify\">Bajo la direcci\u00f3n de la prof\u00aa. Dra. Sara Moreno Tejada y con la intervenci\u00f3n de los profesores D. Pedro Amores Bonilla, D. Eladio Balboa Zaragoza y D. Jos\u00e9 Mar\u00eda Mart\u00ednez Sirvent, los estudiantes tendr\u00e1n oportunidad de conocer, a trav\u00e9s del cine dist\u00f3pico, c<span style=\"font-weight: 400\">omo manifestaci\u00f3n cultural esencial, <\/span>los <span style=\"font-weight: 400\">conceptos relacionados con sistemas pol\u00edticos totalitarios as\u00ed como las nociones b\u00e1sicas del<\/span><span style=\"font-weight: 400\"> biopoder, la biopol\u00edtica y la tanatopol\u00edtica.\u00a0<\/span><\/p>\n<p style=\"text-align: justify\">La asistencia a estas Jornadas contar\u00e1 con el reconocimiento de 0,5 cr\u00e9ditos por competencias transversales y profesionales. Aquellos interesados en acudir a las mismas deber\u00e1n inscribirse previamente.<\/p>\n<a href='https:\/\/forms.gle\/ibaVREYwZUNXJLPD7' class='small-button smallsilver' target=\"_blank\">Inscripci\u00f3n<\/a>\n<p>&nbsp;<\/p>\n<p>[\/et_pb_text][\/et_pb_column][\/et_pb_row][\/et_pb_section]<\/p>\n","protected":false},"excerpt":{"rendered":"<p>Estimados\/as alumnos: Los pr\u00f3ximos d\u00edas 19, 24 y 26 de mayo tendr\u00e1n lugar las Jornadas de estudio: El fascismo gen\u00e9rico desde el cine postmoderno. Distop\u00edas y fascismo. Sus sesiones se desarrollar\u00e1n en formato dual, siendo las presenciales en el Aula 1.5 del Edificio Casa del Paso, Campus de Orihuela, de 16:00h a 18:00h. Bajo la [&hellip;]<\/p>\n","protected":false},"author":5726,"featured_media":0,"comment_status":"closed","ping_status":"open","sticky":false,"template":"","format":"standard","meta":{"_et_pb_use_builder":"on","_et_pb_old_content":"<p style=\"text-align: justify\"><a href=\"https:\/\/historiadelderecho.umh.es\/files\/2022\/05\/Fascismo-y-cine-distopico-.png\"><img class=\"alignleft size-medium wp-image-2210\" src=\"https:\/\/historiadelderecho.umh.es\/files\/2022\/05\/Fascismo-y-cine-distopico--212x300.png\" alt=\"\" width=\"212\" height=\"300\" \/><\/a>Est<span style=\"text-align: justify\">im<\/span><span style=\"text-align: justify\">ados\/as alumnos:<\/span><\/p>\r\n<p style=\"text-align: justify\">Los pr<span style=\"text-align: justify\">\u00f3x<\/span><span style=\"text-align: justify\">imos d\u00edas<\/span><span style=\"text-align: justify\"> 19, 24 y 26 de mayo tendr\u00e1n lugar las <\/span><span style=\"text-align: justify\">Jornadas de estudio: <em><strong>El fascismo gen\u00e9rico desde el cine postmoderno. Distop\u00edas y fascismo<\/strong><\/em><\/span><span style=\"text-align: justify\">. Sus sesiones se desarrollar\u00e1n en formato dual, siendo las presenciales en el Aula 1.5 del Edificio Casa del paso, Campus de Orihuela, de 16:00 a 18:00h.<\/span><\/p>\r\n<p style=\"text-align: justify\">Bajo la direcci\u00f3n de la prof\u00aa. Dra. Sara Moreno Tejada y con la intervenci\u00f3n de los profesores D. Pedro Amores Bonilla, D. Eladio Balboa Zaragoza y D. Jos\u00e9 Mar\u00eda Mart\u00ednez Sirvent, los estudiantes tendr\u00e1n oportunidad de conocer, a trav\u00e9s del cine dist\u00f3pico, c<span style=\"font-weight: 400\">omo manifestaci\u00f3n cultural esencial, <\/span>los <span style=\"font-weight: 400\">conceptos relacionados con sistemas pol\u00edticos totalitarios as\u00ed como las nociones b\u00e1sicas del<\/span><span style=\"font-weight: 400\"> biopoder, la biopol\u00edtica y la tanatopol\u00edtica.\u00a0<\/span><\/p>\r\nLa asistencia a estas Jornadas contar\u00e1 con el reconocimiento de cr\u00e9ditos por competencias transversales y profesionales. Aquellos interesados en acudir a las mismas deber\u00e1n inscribirse previamente.\r\n\r\n[button link=\"https:\/\/forms.gle\/ibaVREYwZUNXJLPD7\" color=\"silver\" newwindow=\"yes\"] Inscripci\u00f3n[\/button]\r\n\r\n&nbsp;","_et_gb_content_width":"","_links_to":"","_links_to_target":""},"categories":[509,23],"tags":[],"_links":{"self":[{"href":"https:\/\/historiadelderecho.umh.es\/ca\/wp-json\/wp\/v2\/posts\/2138"}],"collection":[{"href":"https:\/\/historiadelderecho.umh.es\/ca\/wp-json\/wp\/v2\/posts"}],"about":[{"href":"https:\/\/historiadelderecho.umh.es\/ca\/wp-json\/wp\/v2\/types\/post"}],"author":[{"embeddable":true,"href":"https:\/\/historiadelderecho.umh.es\/ca\/wp-json\/wp\/v2\/users\/5726"}],"replies":[{"embeddable":true,"href":"https:\/\/historiadelderecho.umh.es\/ca\/wp-json\/wp\/v2\/comments?post=2138"}],"version-history":[{"count":0,"href":"https:\/\/historiadelderecho.umh.es\/ca\/wp-json\/wp\/v2\/posts\/2138\/revisions"}],"wp:attachment":[{"href":"https:\/\/historiadelderecho.umh.es\/ca\/wp-json\/wp\/v2\/media?parent=2138"}],"wp:term":[{"taxonomy":"category","embeddable":true,"href":"https:\/\/historiadelderecho.umh.es\/ca\/wp-json\/wp\/v2\/categories?post=2138"},{"taxonomy":"post_tag","embeddable":true,"href":"https:\/\/historiadelderecho.umh.es\/ca\/wp-json\/wp\/v2\/tags?post=2138"}],"curies":[{"name":"wp","href":"https:\/\/api.w.org\/{rel}","templated":true}]}}