{"id":2272,"date":"2022-10-14T10:55:10","date_gmt":"2022-10-14T08:55:10","guid":{"rendered":"https:\/\/historiadelderecho.umh.es\/?p=2272"},"modified":"2022-11-03T11:19:09","modified_gmt":"2022-11-03T10:19:09","slug":"seminario-estudio-de-las-relaciones-de-poder-entre-las-instituciones-y-la-sociedad-a-traves-de-manifestaciones-cinematograficas","status":"publish","type":"post","link":"https:\/\/historiadelderecho.umh.es\/ca\/2022\/10\/14\/seminario-estudio-de-las-relaciones-de-poder-entre-las-instituciones-y-la-sociedad-a-traves-de-manifestaciones-cinematograficas\/","title":{"rendered":"Seminario: Estudio de las relaciones de poder entre las instituciones y la sociedad a trav\u00e9s de manifestaciones cinematogr\u00e1ficas"},"content":{"rendered":"<p>[et_pb_section fb_built=&#8221;1&#8243; admin_label=&#8221;section&#8221; _builder_version=&#8221;4.16&#8243; global_colors_info=&#8221;{}&#8221;][et_pb_row admin_label=&#8221;row&#8221; _builder_version=&#8221;4.16&#8243; background_size=&#8221;initial&#8221; background_position=&#8221;top_left&#8221; background_repeat=&#8221;repeat&#8221; global_colors_info=&#8221;{}&#8221;][et_pb_column type=&#8221;4_4&#8243; _builder_version=&#8221;4.16&#8243; custom_padding=&#8221;|||&#8221; global_colors_info=&#8221;{}&#8221; custom_padding__hover=&#8221;|||&#8221;][et_pb_text admin_label=&#8221;Text&#8221; _builder_version=&#8221;4.17.4&#8243; background_size=&#8221;initial&#8221; background_position=&#8221;top_left&#8221; background_repeat=&#8221;repeat&#8221; hover_enabled=&#8221;0&#8243; global_colors_info=&#8221;{}&#8221; sticky_enabled=&#8221;0&#8243;]<\/p>\n<p style=\"text-align: justify\"><a href=\"https:\/\/historiadelderecho.umh.es\/files\/2022\/10\/Estudio-de-las-relaciones-de-poder-entre-las-instituciones-y-la-sociedad-a-traves-de-manifestaciones-cinematograficas-1-1.png\"><img loading=\"lazy\" class=\"wp-image-2298 alignleft size-medium\" src=\"https:\/\/historiadelderecho.umh.es\/files\/2022\/10\/Estudio-de-las-relaciones-de-poder-entre-las-instituciones-y-la-sociedad-a-traves-de-manifestaciones-cinematograficas-1-1-212x300.png\" alt=\"\" width=\"212\" height=\"300\" \/><\/a>Estimadas\/os alumnos:<\/p>\n<p style=\"text-align: justify\"><span style=\"font-weight: 400\">Los pr\u00f3ximos d\u00edas<strong> 7 y 9 de noviembre de 2022<\/strong> tendr\u00e1 lugar el Seminario <em><strong>Estudio de las relaciones de poder entre las instituciones y la sociedad a trav\u00e9s de manifestaciones cinematogr\u00e1ficas<\/strong>. <\/em><\/span><span style=\"font-weight: 400\">Se trata de una actividad organizada por el \u00e1rea de Historia del Derecho y de las Instituciones de la Universidad Miguel Hern\u00e1ndez de Elche, que se desarrollar\u00e1 presencialmente en el <\/span><b>Aula 2.7 del Edificio La Galia<\/b>\u00a0del Campus de Elche de <strong style=\"font-weight: 400\">16:00 a 19:00h<\/strong>. <span style=\"font-weight: 400\">La direcci\u00f3n del evento la asume la prof\u00aa. Dra. Sara Moreno Tejada y cuenta con la intervenci\u00f3n de los profesores D. Jos\u00e9 Antonio P\u00e9rez Juan, D. Pedro Antonio Amores Bonilla, D. Eladio Balboa Zaragoza, D. Jorge Pertusa Valero, D. Jos\u00e9 Mar\u00eda Mart\u00ednez Sirvent y D\u00f1a. Roc\u00edo Rodr\u00edguez Mas. <\/span><\/p>\n<p style=\"text-align: justify\"><span style=\"font-weight: 400\">En sus sesiones, se ahondar\u00e1 en el funcionamiento institucional del Antiguo R\u00e9gimen a partir de fuentes de estudio alternativas como son las manifestaciones culturales. <\/span>De este modo, se persigue que el estudiante comprenda la realidad institucional y los mecanismos de legitimaci\u00f3n del poder en la etapa preliberal de forma novedosa por dos razones. Por un lado, por las fuentes de estudio empleadas, en tanto que se recurre a elementos transmedia. Por otro lado, por un elemento teleol\u00f3gico, ya que<span style=\"font-weight: 400\"> se actualizan los contenidos hist\u00f3ricos, al ser empleados como elementos de interpretaci\u00f3n y cr\u00edtica del momento presente.<\/span><\/p>\n<p style=\"text-align: justify\">La asistencia a estas Jornadas contar\u00e1 con el reconocimiento de <strong>0,5 cr\u00e9ditos por competencias transversales y profesionales<\/strong>. Aquellos interesados en acudir a las mismas deber\u00e1n inscribirse previamente.<\/p>\n<p>&nbsp;<\/p>\n<a href='https:\/\/forms.gle\/Jv3EXUdkm6SYuSDK6' class='small-button smalllightblue' target=\"_blank\">Inscripci\u00f3n<\/a>\n<p>[\/et_pb_text][\/et_pb_column][\/et_pb_row][\/et_pb_section]<\/p>\n","protected":false},"excerpt":{"rendered":"<p>Estimadas\/os alumnos: Los pr\u00f3ximos d\u00edas 7 y 9 de noviembre de 2022 tendr\u00e1 lugar el Seminario Estudio de las relaciones de poder entre las instituciones y la sociedad a trav\u00e9s de manifestaciones cinematogr\u00e1ficas. Se trata de una actividad organizada por el \u00e1rea de Historia del Derecho y de las Instituciones de la Universidad Miguel Hern\u00e1ndez [&hellip;]<\/p>\n","protected":false},"author":5726,"featured_media":0,"comment_status":"closed","ping_status":"open","sticky":false,"template":"","format":"standard","meta":{"_et_pb_use_builder":"on","_et_pb_old_content":"<p style=\"text-align: justify\"><a href=\"https:\/\/historiadelderecho.umh.es\/files\/2022\/10\/Estudio-de-las-relaciones-de-poder-entre-las-instituciones-y-la-sociedad-a-traves-de-manifestaciones-cinematograficas-1.png\"><img class=\"alignleft size-medium wp-image-2281\" src=\"https:\/\/historiadelderecho.umh.es\/files\/2022\/10\/Estudio-de-las-relaciones-de-poder-entre-las-instituciones-y-la-sociedad-a-traves-de-manifestaciones-cinematograficas-1-212x300.png\" alt=\"\" width=\"212\" height=\"300\" \/><\/a>Estimadas\/os alumnos:<\/p>\r\n<p style=\"text-align: justify\"><span style=\"font-weight: 400\">Los pr\u00f3ximos d\u00edas 7 y 9 de noviembre de 2022 tendr\u00e1 lugar el Seminario <em>Estudio de las relaciones de poder entre las instituciones y la sociedad a trav\u00e9s de manifestaciones cinematogr\u00e1ficas. <\/em><\/span><span style=\"font-weight: 400\">Se trata de una actividad organizada por el \u00e1rea de Historia del Derecho y de las Instituciones de la Universidad Miguel Hern\u00e1ndez de Elche, que se desarrollar\u00e1 presencialmente en el Seminario Ricardo G\u00f3mez Rivero, en el Edificio Torreva\u00edllo del Campus de Elche de 16:00 a 19:00h. <\/span><span style=\"font-weight: 400\">La direcci\u00f3n del evento la asume la prof\u00aa. Dra. Sara Moreno Tejada y cuenta con la intervenci\u00f3n de los profesores D. Pedro Amores Bonilla, D. Eladio Balboa Zaragoza, D. Jorge Pertusa Valero, D. Jos\u00e9 Mar\u00eda Mart\u00ednez Sirvent y D\u00f1a. Roc\u00edo Rodr\u00edguez Mas. <\/span><\/p>\r\n<p style=\"text-align: justify\"><span style=\"font-weight: 400\">En sus sesiones, se ahondar\u00e1 en el funcionamiento institucional del Antiguo R\u00e9gimen a partir de fuentes de estudio alternativas como son las manifestaciones culturales. Siguiendo los planteamientos de Marc Ferro y de Josefina Cuesta, es necesario el recurso a las mentalidades para la comprensi\u00f3n de la visi\u00f3n que en estos momentos se tiene y se transmite de determinadas relaciones de poder y de comportamiento institucional. No obstante, no se utilizan estas manifestaciones como fuente de informaci\u00f3n hist\u00f3rica sino como materia de an\u00e1lisis del momento actual. <\/span>De este modo, se persigue que el estudiante comprenda la realidad institucional y los mecanismos de legitimaci\u00f3n del poder en la etapa preliberal de forma novedosa por dos razones. Por un lado, por las fuentes de estudio empleadas, en tanto que se recurre a elementos transmedia. Por otro lado, por un elemento teleol\u00f3gico, ya que<span style=\"font-weight: 400\"> se actualizan los contenidos hist\u00f3ricos, al ser empleados como elementos de interpretaci\u00f3n y cr\u00edtica del momento presente.<\/span><\/p>\r\n<p style=\"text-align: justify\">La asistencia a estas Jornadas contar\u00e1 con el reconocimiento de 0,5 cr\u00e9ditos por competencias transversales y profesionales. Aquellos interesados en acudir a las mismas deber\u00e1n inscribirse previamente.<\/p>\r\n\u00a0\r\n\r\n[button link=\"https:\/\/forms.gle\/Jv3EXUdkm6SYuSDK6\" color=\"lightblue\" newwindow=\"yes\"] Inscripci\u00f3n[\/button]","_et_gb_content_width":"","_links_to":"","_links_to_target":""},"categories":[547191],"tags":[],"_links":{"self":[{"href":"https:\/\/historiadelderecho.umh.es\/ca\/wp-json\/wp\/v2\/posts\/2272"}],"collection":[{"href":"https:\/\/historiadelderecho.umh.es\/ca\/wp-json\/wp\/v2\/posts"}],"about":[{"href":"https:\/\/historiadelderecho.umh.es\/ca\/wp-json\/wp\/v2\/types\/post"}],"author":[{"embeddable":true,"href":"https:\/\/historiadelderecho.umh.es\/ca\/wp-json\/wp\/v2\/users\/5726"}],"replies":[{"embeddable":true,"href":"https:\/\/historiadelderecho.umh.es\/ca\/wp-json\/wp\/v2\/comments?post=2272"}],"version-history":[{"count":0,"href":"https:\/\/historiadelderecho.umh.es\/ca\/wp-json\/wp\/v2\/posts\/2272\/revisions"}],"wp:attachment":[{"href":"https:\/\/historiadelderecho.umh.es\/ca\/wp-json\/wp\/v2\/media?parent=2272"}],"wp:term":[{"taxonomy":"category","embeddable":true,"href":"https:\/\/historiadelderecho.umh.es\/ca\/wp-json\/wp\/v2\/categories?post=2272"},{"taxonomy":"post_tag","embeddable":true,"href":"https:\/\/historiadelderecho.umh.es\/ca\/wp-json\/wp\/v2\/tags?post=2272"}],"curies":[{"name":"wp","href":"https:\/\/api.w.org\/{rel}","templated":true}]}}