{"id":2432,"date":"2023-03-20T10:41:01","date_gmt":"2023-03-20T09:41:01","guid":{"rendered":"https:\/\/historiadelderecho.umh.es\/?p=2432"},"modified":"2023-03-30T10:49:12","modified_gmt":"2023-03-30T08:49:12","slug":"2432","status":"publish","type":"post","link":"https:\/\/historiadelderecho.umh.es\/ca\/2023\/03\/20\/2432\/","title":{"rendered":"<span lang=\"es\">(Espa\u00f1ol) Los derechos de la mujer durante el fascismo en Italia<\/span>"},"content":{"rendered":"<p>[et_pb_section fb_built=&#8221;1&#8243; _builder_version=&#8221;4.16&#8243; global_colors_info=&#8221;{}&#8221;][et_pb_row column_structure=&#8221;1_3,2_3&#8243; _builder_version=&#8221;4.16&#8243; background_size=&#8221;initial&#8221; background_position=&#8221;top_left&#8221; background_repeat=&#8221;repeat&#8221; global_colors_info=&#8221;{}&#8221;][et_pb_column type=&#8221;1_3&#8243; _builder_version=&#8221;4.16&#8243; custom_padding=&#8221;|||&#8221; global_colors_info=&#8221;{}&#8221; custom_padding__hover=&#8221;|||&#8221;][et_pb_image src=&#8221;https:\/\/historiadelderecho.umh.es\/files\/2023\/03\/Mujer-Derecho-y-fascismo.png&#8221; title_text=&#8221;Mujer, Derecho y fascismo&#8221; _builder_version=&#8221;4.17.4&#8243; _module_preset=&#8221;default&#8221; global_colors_info=&#8221;{}&#8221;][\/et_pb_image][\/et_pb_column][et_pb_column type=&#8221;2_3&#8243; _builder_version=&#8221;4.16&#8243; custom_padding=&#8221;|||&#8221; global_colors_info=&#8221;{}&#8221; custom_padding__hover=&#8221;|||&#8221;][et_pb_text _builder_version=&#8221;4.17.4&#8243; background_size=&#8221;initial&#8221; background_position=&#8221;top_left&#8221; background_repeat=&#8221;repeat&#8221; hover_enabled=&#8221;0&#8243; global_colors_info=&#8221;{}&#8221; sticky_enabled=&#8221;0&#8243;]<\/p>\n<p style=\"text-align: justify\"><span style=\"font-weight: 400\">Estimadas\/os estudiantes: <\/span><\/p>\n<p style=\"text-align: justify\"><span style=\"font-weight: 400\">El doctor <strong>Stefano Vinci<\/strong>, profesor de Historia del Derecho medieval y moderno en el Departamento J\u00f3nico en Sistemas Jur\u00eddicos y Econ\u00f3micos Mediterr\u00e1neos de la <\/span><span style=\"font-weight: 400\">Universit\u00e0 degli Studi di Bari Aldo Moro, impartir\u00e1 el pr\u00f3ximo mi\u00e9rcoles 29 de marzo de 2023 a las 10:30h en la Sala Plat\u00f3 del Edificio Quorum I, en el campus de Elche de la Universidad Miguel Hern\u00e1ndez, la conferencia titulada <\/span><i><span style=\"font-weight: 400\"><strong>Los derechos de la mujer durante el Fascismo en Italia<\/strong>. <\/span><\/i><span style=\"font-weight: 400\">En dicha ponencia el doctor Vinci disertar\u00e1 sobre el papel que el pensamiento fascista destinaba a la poblaci\u00f3n femenina y la plasmaci\u00f3n jur\u00eddica de dicha concepci\u00f3n.\u00a0<\/span><\/p>\n<p style=\"text-align: justify\"><span style=\"font-weight: 400\">El acto est\u00e1 organizado por la C\u00e1tedra de Historia del Derecho y de las Instituciones y cuenta con la colaboraci\u00f3n del Departamento de Ciencia Jur\u00eddica de la Universidad Miguel Hern\u00e1ndez.<\/span><\/p>\n<p>[\/et_pb_text][et_pb_button button_url=&#8221;https:\/\/www.youtube.com\/watch?v=ymdTuyUfxOI&amp;list=PLClKgnzRFYe6BJWWFH55LJu3bMI3B7K0R&amp;index=3&#8243; url_new_window=&#8221;on&#8221; button_text=&#8221;V\u00eddeo&#8221; _builder_version=&#8221;4.17.4&#8243; _module_preset=&#8221;default&#8221; custom_button=&#8221;on&#8221; button_text_size=&#8221;15px&#8221; button_text_color=&#8221;#000000&#8243; global_colors_info=&#8221;{}&#8221;][\/et_pb_button][\/et_pb_column][\/et_pb_row][\/et_pb_section]<\/p>\n","protected":false},"excerpt":{"rendered":"<p>Estimadas\/os estudiantes: El doctor Stefano Vinci, profesor de Historia del Derecho medieval y moderno en el Departamento J\u00f3nico en Sistemas Jur\u00eddicos y Econ\u00f3micos Mediterr\u00e1neos de la Universit\u00e0 degli Studi di Bari Aldo Moro, impartir\u00e1 el pr\u00f3ximo mi\u00e9rcoles 29 de marzo de 2023 a las 10:30h en la Sala Plat\u00f3 del Edificio Quorum I, en el [&hellip;]<\/p>\n","protected":false},"author":5726,"featured_media":0,"comment_status":"closed","ping_status":"open","sticky":false,"template":"","format":"standard","meta":{"_et_pb_use_builder":"on","_et_pb_old_content":"<p><span style=\"font-weight: 400;\">Estimadas\/os estudiantes: <\/span><\/p><p><span style=\"font-weight: 400;\">El doctor <strong>Stefano Vinci<\/strong>, profesor de Historia del Derecho medieval y moderno en el Departamento J\u00f3nico en Sistemas Jur\u00eddicos y Econ\u00f3micos Mediterr\u00e1neos de la <\/span><span style=\"font-weight: 400;\">Universit\u00e0 degli Studi di Bari Aldo Moro, impartir\u00e1 el pr\u00f3ximo mi\u00e9rcoles 29 de marzo de 2023 a las 10:30h en la Sala Plat\u00f3 del Edificio Quorum I, la conferencia titulada <\/span><i><span style=\"font-weight: 400;\">Los derechos de la mujer durante el Fascismo en Italia. <\/span><\/i><span style=\"font-weight: 400;\">En dicha ponencia el doctor Vinci disertar\u00e1 sobre el papel que el pensamiento fascista destinaba a la poblaci\u00f3n femenina y la plasmaci\u00f3n jur\u00eddica de dicha concepci\u00f3n.\u00a0<\/span><\/p><p><span style=\"font-weight: 400;\">El acto est\u00e1 organizado por la C\u00e1tedra de Historia del Derecho y de las Instituciones y cuenta con la colaboraci\u00f3n del Departamento de Ciencia Jur\u00eddica de la Universidad Miguel Hern\u00e1ndez.<\/span><\/p>","_et_gb_content_width":"","_links_to":"","_links_to_target":""},"categories":[260,23],"tags":[],"_links":{"self":[{"href":"https:\/\/historiadelderecho.umh.es\/ca\/wp-json\/wp\/v2\/posts\/2432"}],"collection":[{"href":"https:\/\/historiadelderecho.umh.es\/ca\/wp-json\/wp\/v2\/posts"}],"about":[{"href":"https:\/\/historiadelderecho.umh.es\/ca\/wp-json\/wp\/v2\/types\/post"}],"author":[{"embeddable":true,"href":"https:\/\/historiadelderecho.umh.es\/ca\/wp-json\/wp\/v2\/users\/5726"}],"replies":[{"embeddable":true,"href":"https:\/\/historiadelderecho.umh.es\/ca\/wp-json\/wp\/v2\/comments?post=2432"}],"version-history":[{"count":0,"href":"https:\/\/historiadelderecho.umh.es\/ca\/wp-json\/wp\/v2\/posts\/2432\/revisions"}],"wp:attachment":[{"href":"https:\/\/historiadelderecho.umh.es\/ca\/wp-json\/wp\/v2\/media?parent=2432"}],"wp:term":[{"taxonomy":"category","embeddable":true,"href":"https:\/\/historiadelderecho.umh.es\/ca\/wp-json\/wp\/v2\/categories?post=2432"},{"taxonomy":"post_tag","embeddable":true,"href":"https:\/\/historiadelderecho.umh.es\/ca\/wp-json\/wp\/v2\/tags?post=2432"}],"curies":[{"name":"wp","href":"https:\/\/api.w.org\/{rel}","templated":true}]}}