{"id":1199,"date":"2021-05-26T10:24:50","date_gmt":"2021-05-26T08:24:50","guid":{"rendered":"https:\/\/historiadelderecho.umh.es\/?p=1199"},"modified":"2021-11-21T20:18:44","modified_gmt":"2021-11-21T19:18:44","slug":"curso-de-verano-la-representacion-de-la-memoria-historica-en-el-comic-el-cine-y-la-musica","status":"publish","type":"post","link":"https:\/\/historiadelderecho.umh.es\/en\/2021\/05\/26\/curso-de-verano-la-representacion-de-la-memoria-historica-en-el-comic-el-cine-y-la-musica\/","title":{"rendered":"Curso de verano &#8220;La representaci\u00f3n de la Memoria Hist\u00f3rica en el c\u00f3mic, el cine y la m\u00fasica&#8221;"},"content":{"rendered":"<p><a href=\"https:\/\/historiadelderecho.umh.es\/files\/2021\/05\/LA-REPRESENTACI\u00d3N-DE-LA-MEMORIA-HIST\u00d3RICA-EN-EL-C\u00d3MIC-EL-CINE-Y-LA-M\u00daSICA.-1.jpg\"><img loading=\"lazy\" src=\"https:\/\/historiadelderecho.umh.es\/files\/2021\/05\/LA-REPRESENTACI\u00d3N-DE-LA-MEMORIA-HIST\u00d3RICA-EN-EL-C\u00d3MIC-EL-CINE-Y-LA-M\u00daSICA.-1-212x300.jpg\" alt=\"\" width=\"212\" height=\"300\" class=\"alignleft size-medium wp-image-1220\" srcset=\"https:\/\/historiadelderecho.umh.es\/files\/2021\/05\/LA-REPRESENTACI\u00d3N-DE-LA-MEMORIA-HIST\u00d3RICA-EN-EL-C\u00d3MIC-EL-CINE-Y-LA-M\u00daSICA.-1-212x300.jpg 212w, https:\/\/historiadelderecho.umh.es\/files\/2021\/05\/LA-REPRESENTACI\u00d3N-DE-LA-MEMORIA-HIST\u00d3RICA-EN-EL-C\u00d3MIC-EL-CINE-Y-LA-M\u00daSICA.-1-768x1086.jpg 768w, https:\/\/historiadelderecho.umh.es\/files\/2021\/05\/LA-REPRESENTACI\u00d3N-DE-LA-MEMORIA-HIST\u00d3RICA-EN-EL-C\u00d3MIC-EL-CINE-Y-LA-M\u00daSICA.-1-724x1024.jpg 724w, https:\/\/historiadelderecho.umh.es\/files\/2021\/05\/LA-REPRESENTACI\u00d3N-DE-LA-MEMORIA-HIST\u00d3RICA-EN-EL-C\u00d3MIC-EL-CINE-Y-LA-M\u00daSICA.-1.jpg 1587w\" sizes=\"(max-width: 212px) 100vw, 212px\" \/><\/a><\/p>\n<p style=\"text-align: justify\">Estimados alumnos\/as:<\/p>\n<p style=\"text-align: justify\">El \u00e1rea de Historia del Derecho y de las Instituciones organiza el Curso de verano &#8220;La representaci\u00f3n de la Memoria Hist\u00f3rica en el c\u00f3mic, el cine y la m\u00fasica&#8221;.<\/p>\n<p style=\"text-align: justify\">A lo largo de sus sesiones se plantear\u00e1 el an\u00e1lisis de cuatro tem\u00e1ticas distintas. En primer lugar, la construcci\u00f3n de las libertades en el cine dist\u00f3pico y ut\u00f3pico. La segunda se centrar\u00e1 en el reflejo de los anales del pensamiento pol\u00edtico en la filmograf\u00eda. La tercera tratar\u00e1 del reflejo de la lucha hist\u00f3rica por la igualdad efectiva en la gran pantalla. La \u00faltima, tendr\u00e1 por objeto el tratamiento de las pandemias hist\u00f3ricas en el cine.<\/p>\n<p style=\"text-align: justify\">El curso se realizar\u00e1 \u00edntegramente en formato online los d\u00edas 8, 12, 14, 16, 18, 20 y 22 de julio.<\/p>\n<p style=\"text-align: justify\">M\u00e1s informaci\u00f3n en: <a href=\"https:\/\/cultura.umh.es\/en\/cursos-de-estiu\/cursos-de-estiu\/\" rel=\"noopener\" target=\"_blank\">https:\/\/cultura.umh.es\/en\/cursos-de-estiu\/cursos-de-estiu\/<\/a><\/p>\n","protected":false},"excerpt":{"rendered":"<p>Estimados alumnos\/as:<br \/>\nEl \u00e1rea de Historia del Derecho y de las Instituciones organiza el Curso de verano &#8220;La representaci\u00f3n de la Memoria Hist\u00f3rica en el c\u00f3mic, el cine y la m\u00fasica&#8221;.<br \/>\nA lo largo de sus sesiones se plantear\u00e1 el an\u00e1lisis de cuatro tem\u00e1ticas distintas. En primer lugar, la construcci\u00f3n de las libertades en el cine dist\u00f3pico [&#8230;]<\/p>\n","protected":false},"author":5730,"featured_media":0,"comment_status":"closed","ping_status":"open","sticky":false,"template":"","format":"standard","meta":{"_et_pb_use_builder":"","_et_pb_old_content":"","_et_gb_content_width":"","_links_to":"","_links_to_target":""},"categories":[509,23],"tags":[],"_links":{"self":[{"href":"https:\/\/historiadelderecho.umh.es\/en\/wp-json\/wp\/v2\/posts\/1199"}],"collection":[{"href":"https:\/\/historiadelderecho.umh.es\/en\/wp-json\/wp\/v2\/posts"}],"about":[{"href":"https:\/\/historiadelderecho.umh.es\/en\/wp-json\/wp\/v2\/types\/post"}],"author":[{"embeddable":true,"href":"https:\/\/historiadelderecho.umh.es\/en\/wp-json\/wp\/v2\/users\/5730"}],"replies":[{"embeddable":true,"href":"https:\/\/historiadelderecho.umh.es\/en\/wp-json\/wp\/v2\/comments?post=1199"}],"version-history":[{"count":0,"href":"https:\/\/historiadelderecho.umh.es\/en\/wp-json\/wp\/v2\/posts\/1199\/revisions"}],"wp:attachment":[{"href":"https:\/\/historiadelderecho.umh.es\/en\/wp-json\/wp\/v2\/media?parent=1199"}],"wp:term":[{"taxonomy":"category","embeddable":true,"href":"https:\/\/historiadelderecho.umh.es\/en\/wp-json\/wp\/v2\/categories?post=1199"},{"taxonomy":"post_tag","embeddable":true,"href":"https:\/\/historiadelderecho.umh.es\/en\/wp-json\/wp\/v2\/tags?post=1199"}],"curies":[{"name":"wp","href":"https:\/\/api.w.org\/{rel}","templated":true}]}}