{"id":2107,"date":"2021-12-16T10:28:21","date_gmt":"2021-12-16T09:28:21","guid":{"rendered":"https:\/\/historiadelderecho.umh.es\/?p=2107"},"modified":"2021-12-16T10:31:02","modified_gmt":"2021-12-16T09:31:02","slug":"jornadas-de-estudio-de-la-gestion-del-poder-politico-en-los-sistemas-totalitarios-a-traves-del-cine","status":"publish","type":"post","link":"https:\/\/historiadelderecho.umh.es\/en\/2021\/12\/16\/jornadas-de-estudio-de-la-gestion-del-poder-politico-en-los-sistemas-totalitarios-a-traves-del-cine\/","title":{"rendered":"<span lang=\"es\">(Espa\u00f1ol) Jornadas de Estudio de la gesti\u00f3n del poder pol\u00edtico en los sistemas totalitarios a trav\u00e9s del cine<\/span>"},"content":{"rendered":"<p>[et_pb_section fb_built=&#8221;1&#8243; _builder_version=&#8221;3.22&#8243;][et_pb_row _builder_version=&#8221;3.25&#8243; background_size=&#8221;initial&#8221; background_position=&#8221;top_left&#8221; background_repeat=&#8221;repeat&#8221;][et_pb_column type=&#8221;4_4&#8243; _builder_version=&#8221;3.25&#8243; custom_padding=&#8221;|||&#8221; custom_padding__hover=&#8221;|||&#8221;][et_pb_text _builder_version=&#8221;3.27.4&#8243; background_size=&#8221;initial&#8221; background_position=&#8221;top_left&#8221; background_repeat=&#8221;repeat&#8221;]<\/p>\n<p style=\"text-align: justify\"><a href=\"https:\/\/historiadelderecho.umh.es\/files\/2021\/12\/ESTUDIO-DE-LA-GESTION-DEL-PODER-POLITICO-EN-LOS-SISTEMAS-TOTALITARIOS-A-TRAVES-DEL-CINE-1-scaled.jpg\"><img loading=\"lazy\" class=\"alignleft size-medium wp-image-2095\" src=\"https:\/\/historiadelderecho.umh.es\/files\/2021\/12\/ESTUDIO-DE-LA-GESTION-DEL-PODER-POLITICO-EN-LOS-SISTEMAS-TOTALITARIOS-A-TRAVES-DEL-CINE-1-212x300.jpg\" alt=\"\" width=\"212\" height=\"300\" \/><\/a>Estimados\/as alumnos:<\/p>\n<p style=\"text-align: justify\">Los pr\u00f3ximos d\u00edas 20 y 21 de diciembre tendr\u00e1n lugar las Jornadas de\u00a0<strong><em>Estudio de la gesti\u00f3n del poder pol\u00edtico en los sistemas totalitarios a trav\u00e9s del cine <\/em><\/strong>bajo la direcci\u00f3n de la prof\u00aa. Dra. Sara Moreno Tejada y con la intervenci\u00f3n de los profesores D. Pedro Amores Bonilla y D. Eladio Balboa Zaragoza.<\/p>\n<p style=\"text-align: justify\">Sus sesiones se desarrollar\u00e1n en formato presencial en el Seminario Ricardo G\u00f3mez Rivero, en el edificio Torreva\u00edllo (campus de Elche) de 16:00 a 18:00h.<\/p>\n<p style=\"text-align: justify\">M\u00e1s informaci\u00f3n en el siguiente <a href=\"https:\/\/historiadelderecho.umh.es\/actividades\/seminariosjornadas\/2092-2\/\" target=\"_blank\" rel=\"noopener\">enlace<\/a>.<\/p>\n<p>&nbsp;<br \/>\n[\/et_pb_text][\/et_pb_column][\/et_pb_row][\/et_pb_section]<\/p>\n","protected":false},"excerpt":{"rendered":"<p>Estimados\/as alumnos: Los pr\u00f3ximos d\u00edas 20 y 21 de diciembre tendr\u00e1n lugar las Jornadas de\u00a0Estudio de la gesti\u00f3n del poder pol\u00edtico en los sistemas totalitarios a trav\u00e9s del cine bajo la direcci\u00f3n de la prof\u00aa. Dra. Sara Moreno Tejada y con la intervenci\u00f3n de los profesores D. Pedro Amores Bonilla y D. Eladio Balboa Zaragoza. [&hellip;]<\/p>\n","protected":false},"author":5726,"featured_media":0,"comment_status":"closed","ping_status":"open","sticky":false,"template":"","format":"standard","meta":{"_et_pb_use_builder":"on","_et_pb_old_content":"<p style=\"text-align: justify;\"><a href=\"https:\/\/historiadelderecho.umh.es\/files\/2021\/12\/ESTUDIO-DE-LA-GESTION-DEL-PODER-POLITICO-EN-LOS-SISTEMAS-TOTALITARIOS-A-TRAVES-DEL-CINE-1-scaled.jpg\"><img class=\"alignleft size-medium wp-image-2095\" src=\"https:\/\/historiadelderecho.umh.es\/files\/2021\/12\/ESTUDIO-DE-LA-GESTION-DEL-PODER-POLITICO-EN-LOS-SISTEMAS-TOTALITARIOS-A-TRAVES-DEL-CINE-1-212x300.jpg\" alt=\"\" width=\"212\" height=\"300\" \/><\/a>Estimados\/as alumnos:<\/p><p style=\"text-align: justify;\">Los pr\u00f3ximos d\u00edas 20 y 21 de diciembre tendr\u00e1n lugar las Jornadas de\u00a0<strong><em>Estudio de la gesti\u00f3n del poder pol\u00edtico en los sistemas totalitarios a trav\u00e9s del cine <\/em><\/strong>bajo la direcci\u00f3n de la prof\u00aa. Dra. Sara Moreno Tejada y con la intervenci\u00f3n de los profesores D. Pedro Amores Bonilla y D. Eladio Balboa Zaragoza.<\/p><p style=\"text-align: justify;\">Sus sesiones se desarrollar\u00e1n en formato presencial en el Seminario Ricardo G\u00f3mez Rivero, en el edificio Torreva\u00edllo (campus de Elche) de 16:00 a 18:00h.<\/p><p style=\"text-align: justify;\">M\u00e1s informaci\u00f3n en el siguiente <a href=\"https:\/\/historiadelderecho.umh.es\/actividades\/seminariosjornadas\/2092-2\/\" target=\"_blank\" rel=\"noopener\">enlace<\/a>.<\/p><p>\u00a0<\/p>","_et_gb_content_width":"","_links_to":"","_links_to_target":""},"categories":[509,23],"tags":[],"_links":{"self":[{"href":"https:\/\/historiadelderecho.umh.es\/en\/wp-json\/wp\/v2\/posts\/2107"}],"collection":[{"href":"https:\/\/historiadelderecho.umh.es\/en\/wp-json\/wp\/v2\/posts"}],"about":[{"href":"https:\/\/historiadelderecho.umh.es\/en\/wp-json\/wp\/v2\/types\/post"}],"author":[{"embeddable":true,"href":"https:\/\/historiadelderecho.umh.es\/en\/wp-json\/wp\/v2\/users\/5726"}],"replies":[{"embeddable":true,"href":"https:\/\/historiadelderecho.umh.es\/en\/wp-json\/wp\/v2\/comments?post=2107"}],"version-history":[{"count":0,"href":"https:\/\/historiadelderecho.umh.es\/en\/wp-json\/wp\/v2\/posts\/2107\/revisions"}],"wp:attachment":[{"href":"https:\/\/historiadelderecho.umh.es\/en\/wp-json\/wp\/v2\/media?parent=2107"}],"wp:term":[{"taxonomy":"category","embeddable":true,"href":"https:\/\/historiadelderecho.umh.es\/en\/wp-json\/wp\/v2\/categories?post=2107"},{"taxonomy":"post_tag","embeddable":true,"href":"https:\/\/historiadelderecho.umh.es\/en\/wp-json\/wp\/v2\/tags?post=2107"}],"curies":[{"name":"wp","href":"https:\/\/api.w.org\/{rel}","templated":true}]}}