{"id":2188,"date":"2022-05-06T12:18:22","date_gmt":"2022-05-06T10:18:22","guid":{"rendered":"https:\/\/historiadelderecho.umh.es\/?p=2188"},"modified":"2022-10-16T21:27:56","modified_gmt":"2022-10-16T19:27:56","slug":"curso-de-verano-el-comic-el-cine-y-la-musica-recursos-para-la-recuperacion-de-la-memoria-historica","status":"publish","type":"post","link":"https:\/\/historiadelderecho.umh.es\/en\/2022\/05\/06\/curso-de-verano-el-comic-el-cine-y-la-musica-recursos-para-la-recuperacion-de-la-memoria-historica\/","title":{"rendered":"<span lang=\"es\">(Espa\u00f1ol) Curso de verano: El c\u00f3mic, el cine y la m\u00fasica: recursos para la recuperaci\u00f3n de la Memoria Hist\u00f3rica<\/span>"},"content":{"rendered":"<p>[et_pb_section fb_built=&#8221;1&#8243; admin_label=&#8221;section&#8221; _builder_version=&#8221;4.16&#8243; global_colors_info=&#8221;{}&#8221;][et_pb_row admin_label=&#8221;row&#8221; _builder_version=&#8221;4.16&#8243; background_size=&#8221;initial&#8221; background_position=&#8221;top_left&#8221; background_repeat=&#8221;repeat&#8221; global_colors_info=&#8221;{}&#8221;][et_pb_column type=&#8221;4_4&#8243; _builder_version=&#8221;4.16&#8243; custom_padding=&#8221;|||&#8221; global_colors_info=&#8221;{}&#8221; custom_padding__hover=&#8221;|||&#8221;][et_pb_text admin_label=&#8221;Text&#8221; _builder_version=&#8221;4.17.4&#8243; background_size=&#8221;initial&#8221; background_position=&#8221;top_left&#8221; background_repeat=&#8221;repeat&#8221; hover_enabled=&#8221;0&#8243; global_colors_info=&#8221;{}&#8221; sticky_enabled=&#8221;0&#8243;]<\/p>\n<p>&nbsp;<\/p>\n<p style=\"text-align: justify\"><a href=\"https:\/\/historiadelderecho.umh.es\/files\/2022\/05\/Curso-de-verano-2022-2.png\"><img loading=\"lazy\" class=\"alignleft size-medium wp-image-2213\" src=\"https:\/\/historiadelderecho.umh.es\/files\/2022\/05\/Curso-de-verano-2022-2-212x300.png\" alt=\"\" width=\"212\" height=\"300\" \/><\/a>Estimados alumnos\/as:<\/p>\n<p style=\"text-align: justify\">El \u00e1rea de Historia del Derecho y de las Instituciones del Departamento de Ciencia Jur\u00eddica de la Universidad Miguel Hern\u00e1ndez organiza, en el marco de los Cursos de Verano organizados por la Oficina de Cultura e Igualdad, el Curso de verano <em><strong>El c\u00f3mic, el cine y la m\u00fasica: recursos para la recuperaci\u00f3n de la Memoria Hist\u00f3rica.<\/strong><\/em><\/p>\n<p style=\"text-align: justify\">Os animamos a asistir a sus sesiones, que se desarrollar\u00e1n \u00edntegramente en formato online del 1 al 31 de julio.<\/p>\n<p>&nbsp;<\/p>\n<p>[\/et_pb_text][\/et_pb_column][\/et_pb_row][\/et_pb_section]<\/p>\n","protected":false},"excerpt":{"rendered":"<p>&nbsp; Estimados alumnos\/as: El \u00e1rea de Historia del Derecho y de las Instituciones del Departamento de Ciencia Jur\u00eddica de la Universidad Miguel Hern\u00e1ndez organiza, en el marco de los Cursos de Verano organizados por la Oficina de Cultura e Igualdad, el Curso de verano El c\u00f3mic, el cine y la m\u00fasica: recursos para la recuperaci\u00f3n [&hellip;]<\/p>\n","protected":false},"author":5726,"featured_media":0,"comment_status":"closed","ping_status":"open","sticky":false,"template":"","format":"standard","meta":{"_et_pb_use_builder":"on","_et_pb_old_content":"<span lang=\"es\">(Espa\u00f1ol) <p style=\"text-align: justify\"><a href=\"https:\/\/historiadelderecho.umh.es\/files\/2022\/05\/Curso-de-verano-2022-2.png\"><img class=\"alignleft size-medium wp-image-2213\" src=\"https:\/\/historiadelderecho.umh.es\/files\/2022\/05\/Curso-de-verano-2022-2-212x300.png\" alt=\"\" width=\"212\" height=\"300\" \/><\/a>Estimados alumnos\/as:<\/p>\r\n<p style=\"text-align: justify\">El \u00e1rea de Historia del Derecho y de las Instituciones del Departamento de Ciencia Jur\u00eddica de la Universidad Miguel Hern\u00e1ndez organiza, en el marco de los Cursos de Verano organizados por la Oficina de Cultura e Igualdad, el Curso de verano <em><strong>El c\u00f3mic, el cine y la m\u00fasica: recursos para la recuperaci\u00f3n de la Memoria Hist\u00f3rica.<\/strong><\/em><\/p>\r\n<p style=\"text-align: justify\">Os animamos a asistir a sus sesiones, que se desarrollar\u00e1n \u00edntegramente en formato online del 1 al 31 de julio.<\/p>\r\nInscripciones en: <a href=\"https:\/\/cultura.umh.es\/cursos-de-estiu\/cursos-de-estiu\/\" target=\"_blank\" rel=\"noopener\">cursosdeverano.umh.es<\/a>\r\n\r\n\u00a0\r\n\r\n\u00a0<\/span>","_et_gb_content_width":"","_links_to":"","_links_to_target":""},"categories":[509,23],"tags":[],"_links":{"self":[{"href":"https:\/\/historiadelderecho.umh.es\/en\/wp-json\/wp\/v2\/posts\/2188"}],"collection":[{"href":"https:\/\/historiadelderecho.umh.es\/en\/wp-json\/wp\/v2\/posts"}],"about":[{"href":"https:\/\/historiadelderecho.umh.es\/en\/wp-json\/wp\/v2\/types\/post"}],"author":[{"embeddable":true,"href":"https:\/\/historiadelderecho.umh.es\/en\/wp-json\/wp\/v2\/users\/5726"}],"replies":[{"embeddable":true,"href":"https:\/\/historiadelderecho.umh.es\/en\/wp-json\/wp\/v2\/comments?post=2188"}],"version-history":[{"count":0,"href":"https:\/\/historiadelderecho.umh.es\/en\/wp-json\/wp\/v2\/posts\/2188\/revisions"}],"wp:attachment":[{"href":"https:\/\/historiadelderecho.umh.es\/en\/wp-json\/wp\/v2\/media?parent=2188"}],"wp:term":[{"taxonomy":"category","embeddable":true,"href":"https:\/\/historiadelderecho.umh.es\/en\/wp-json\/wp\/v2\/categories?post=2188"},{"taxonomy":"post_tag","embeddable":true,"href":"https:\/\/historiadelderecho.umh.es\/en\/wp-json\/wp\/v2\/tags?post=2188"}],"curies":[{"name":"wp","href":"https:\/\/api.w.org\/{rel}","templated":true}]}}