{"id":2234,"date":"2022-10-03T00:36:48","date_gmt":"2022-10-02T22:36:48","guid":{"rendered":"https:\/\/historiadelderecho.umh.es\/?p=2234"},"modified":"2022-10-03T07:12:17","modified_gmt":"2022-10-03T05:12:17","slug":"jornadas-bicentenario-de-la-diputacion-de-tarragona","status":"publish","type":"post","link":"https:\/\/historiadelderecho.umh.es\/en\/2022\/10\/03\/jornadas-bicentenario-de-la-diputacion-de-tarragona\/","title":{"rendered":"Jornadas bicentenario de la Diputaci\u00f3n de Tarragona"},"content":{"rendered":"<p>[et_pb_section fb_built=&#8221;1&#8243; admin_label=&#8221;section&#8221; _builder_version=&#8221;4.16&#8243; global_colors_info=&#8221;{}&#8221;][et_pb_row admin_label=&#8221;row&#8221; _builder_version=&#8221;4.16&#8243; background_size=&#8221;initial&#8221; background_position=&#8221;top_left&#8221; background_repeat=&#8221;repeat&#8221; global_colors_info=&#8221;{}&#8221;][et_pb_column type=&#8221;4_4&#8243; _builder_version=&#8221;4.16&#8243; custom_padding=&#8221;|||&#8221; global_colors_info=&#8221;{}&#8221; custom_padding__hover=&#8221;|||&#8221;][et_pb_text admin_label=&#8221;Text&#8221; _builder_version=&#8221;4.16&#8243; background_size=&#8221;initial&#8221; background_position=&#8221;top_left&#8221; background_repeat=&#8221;repeat&#8221; global_colors_info=&#8221;{}&#8221;]<\/p>\n<div id=\"m_-1077507324779886912x_zimbraEditorContainer\">\n<div>\u00a0 Estimadas\/os alumnos:<\/div>\n<div><\/div>\n<div style=\"text-align: justify\">Con ocasi\u00f3n del aniversario de la creaci\u00f3n de la Diputaci\u00f3n Provincial de Tarragona, los pr\u00f3ximos d\u00edas 6 y 7 de octubre de 2022 tendr\u00e1n lugar las Jornadas <em>Bicentenario de la Diputaci\u00f3n de Tarragona.<\/em> Este acto ha sido organizado por la Universidad Rovira i Virgili en coordinaci\u00f3n con la Diputaci\u00f3n de Tarragona. Con un ambicioso cartel, estas Jornadas permitir\u00e1n ahondar en el estudio de la instituci\u00f3n de las Diputaciones Provinciales con una perspectiva comparada.<\/div>\n<div style=\"text-align: justify\"><span style=\"font-size: 14px\">Todos aquellos interesados en asistir a las mismas podr\u00e1n hacerlo v\u00eda online a trav\u00e9s de un enlace que ser\u00e1 remitido previa inscripci\u00f3n. Os esperamos.<\/span><\/div>\n<div><a href='https:\/\/forms.gle\/tg56JuJr6Uurp69u7' class='small-button smallsilver' target=\"_blank\">Inscripci\u00f3n<\/a><\/div>\n<div><\/div>\n<\/div>\n<div><a href='https:\/\/historiadelderecho.umh.es\/2022\/10\/03\/programa\/' class='small-button smallsilver' target=\"_blank\">Programa<\/a><\/div>\n<div><\/div>\n<div>\n<hr \/>\n<\/div>\n<div><\/div>\n<div style=\"text-align: right\">Proyecto <em>PACIFICATIO Conflictos singulares para juzgar, arbitrar o concordar (siglos XII-XX).<\/em> PID2020.117702GA-100. Ministerio de Ciencia e Innovaci\u00f3n.<\/div>\n<div><\/div>\n<div><\/div>\n<p>[\/et_pb_text][\/et_pb_column][\/et_pb_row][\/et_pb_section]<\/p>\n","protected":false},"excerpt":{"rendered":"<p>\u00a0 Estimadas\/os alumnos: Con ocasi\u00f3n del aniversario de la creaci\u00f3n de la Diputaci\u00f3n Provincial de Tarragona, los pr\u00f3ximos d\u00edas 6 y 7 de octubre de 2022 tendr\u00e1n lugar las Jornadas Bicentenario de la Diputaci\u00f3n de Tarragona. Este acto ha sido organizado por la Universidad Rovira i Virgili en coordinaci\u00f3n con la Diputaci\u00f3n de Tarragona. Con [&hellip;]<\/p>\n","protected":false},"author":5726,"featured_media":0,"comment_status":"closed","ping_status":"open","sticky":false,"template":"","format":"standard","meta":{"_et_pb_use_builder":"on","_et_pb_old_content":"<div id=\"m_-1077507324779886912x_zimbraEditorContainer\">\r\n<div>Estimados alumnos:<\/div>\r\n<div><\/div>\r\n<div style=\"text-align: justify\">Con ocasi\u00f3n del aniversario de la creaci\u00f3n de la Diputaci\u00f3n Provincial de Tarragona, el 25 de mayo de 1882, los pr\u00f3ximos d\u00edas 6 y 7 de octubre de 2022 tendr\u00e1n lugar las Jornadas <em>Bicentenario de la Diputaci\u00f3n de Tarragona<\/em>, organizadas por la Universidad Rovira i Virgili y la Diputaci\u00f3n de Tarragona.<\/div>\r\n<div><\/div>\r\n<div style=\"text-align: justify\">Todos aquellos interesados en asistir a las mismas podr\u00e1n hacerlo v\u00eda online a trav\u00e9s de un enlace que ser\u00e1 remitido previa inscripci\u00f3n.<\/div>\r\n<div>[button link=\"https:\/\/forms.gle\/tg56JuJr6Uurp69u7\" color=\"silver\" newwindow=\"yes\"] Inscripci\u00f3n[\/button]<\/div>\r\n<div><\/div>\r\n<\/div>\r\n<div>[button link=\"https:\/\/historiadelderecho.umh.es\/2022\/10\/03\/programa\/\" color=\"silver\" newwindow=\"yes\"] Programa[\/button]<\/div>\r\n<div><\/div>\r\n<div>\r\n\r\n<hr \/>\r\n\r\n<\/div>\r\n<div><\/div>\r\n<div style=\"text-align: right\">Proyecto <em>PACIFICATIO Conflictos singulares para juzgar, arbitrar o concordar (siglos XII-XX).<\/em> PID2020.117702GA-100. Ministerio de Ciencia e Innovaci\u00f3n.<\/div>\r\n<div><\/div>\r\n<div><\/div>","_et_gb_content_width":"","_links_to":"","_links_to_target":""},"categories":[509,23],"tags":[],"_links":{"self":[{"href":"https:\/\/historiadelderecho.umh.es\/en\/wp-json\/wp\/v2\/posts\/2234"}],"collection":[{"href":"https:\/\/historiadelderecho.umh.es\/en\/wp-json\/wp\/v2\/posts"}],"about":[{"href":"https:\/\/historiadelderecho.umh.es\/en\/wp-json\/wp\/v2\/types\/post"}],"author":[{"embeddable":true,"href":"https:\/\/historiadelderecho.umh.es\/en\/wp-json\/wp\/v2\/users\/5726"}],"replies":[{"embeddable":true,"href":"https:\/\/historiadelderecho.umh.es\/en\/wp-json\/wp\/v2\/comments?post=2234"}],"version-history":[{"count":0,"href":"https:\/\/historiadelderecho.umh.es\/en\/wp-json\/wp\/v2\/posts\/2234\/revisions"}],"wp:attachment":[{"href":"https:\/\/historiadelderecho.umh.es\/en\/wp-json\/wp\/v2\/media?parent=2234"}],"wp:term":[{"taxonomy":"category","embeddable":true,"href":"https:\/\/historiadelderecho.umh.es\/en\/wp-json\/wp\/v2\/categories?post=2234"},{"taxonomy":"post_tag","embeddable":true,"href":"https:\/\/historiadelderecho.umh.es\/en\/wp-json\/wp\/v2\/tags?post=2234"}],"curies":[{"name":"wp","href":"https:\/\/api.w.org\/{rel}","templated":true}]}}