{"id":2240,"date":"2022-10-03T00:47:22","date_gmt":"2022-10-02T22:47:22","guid":{"rendered":"https:\/\/historiadelderecho.umh.es\/?p=2240"},"modified":"2022-10-03T07:14:06","modified_gmt":"2022-10-03T05:14:06","slug":"programa","status":"publish","type":"post","link":"https:\/\/historiadelderecho.umh.es\/en\/2022\/10\/03\/programa\/","title":{"rendered":"Programa"},"content":{"rendered":"<p>[et_pb_section fb_built=&#8221;1&#8243; admin_label=&#8221;section&#8221; _builder_version=&#8221;4.16&#8243; global_colors_info=&#8221;{}&#8221;][et_pb_row admin_label=&#8221;row&#8221; _builder_version=&#8221;4.16&#8243; background_size=&#8221;initial&#8221; background_position=&#8221;top_left&#8221; background_repeat=&#8221;repeat&#8221; global_colors_info=&#8221;{}&#8221;][et_pb_column type=&#8221;4_4&#8243; _builder_version=&#8221;4.16&#8243; custom_padding=&#8221;|||&#8221; global_colors_info=&#8221;{}&#8221; custom_padding__hover=&#8221;|||&#8221;][et_pb_text admin_label=&#8221;Text&#8221; _builder_version=&#8221;4.17.4&#8243; background_size=&#8221;initial&#8221; background_position=&#8221;top_left&#8221; background_repeat=&#8221;repeat&#8221; global_colors_info=&#8221;{}&#8221;]<\/p>\n<h1 style=\"text-align: center\"><strong>\u00a06 de octubre<\/strong><\/h1>\n<p><strong>16h. Inauguraci\u00f3n de las Jornadas a cargo de la ilustr\u00edsima Sra. Noem\u00ed Llaurad\u00f3 i Sans, presidenta de la Diputaci\u00f3n de Tarragona<\/strong><\/p>\n<p><strong>16.15h. Mesa 1.\u00a0<em>Las Diputaciones Provinciales y la organizaci\u00f3n del territorio<\/em><\/strong><\/p>\n<p>Dr. Jos\u00e9 Antonio P\u00e9rez Juan (Universidad Miguel Hern\u00e1ndez de Elche), \u00abEl modelo territorial gaditano en la revoluci\u00f3n siciliana de 1821. Un an\u00e1lisis comparado\u00bb.<\/p>\n<p>Dr. Eduardo Cebreiros \u00c1lvarez (Universidad de La Coru\u00f1a), \u00abMultiplicando por cuatro. Las nuevas provincias gallegas en 1822 y la actuaci\u00f3n de las Diputaciones Provinciales para resolver los problemas en la formaci\u00f3n del territorio\u00bb.<\/p>\n<p><strong>18h. Descanso<\/strong><\/p>\n<p><strong>18.15h. Mesa 2.\u00a0<em>Diputaciones, Provincias, Ayuntamientos<\/em><\/strong><\/p>\n<p>Dra. Consuelo Juanto Jim\u00e9nez (UNED), \u00abNoticias sobre el origen de las Diputaciones Provinciales en las Cortes del Trienio Liberal y el eco en la prensa de la \u00e9poca\u00bb.<\/p>\n<p>Dra. Clara Furriols Espona (Universitat Rovira i Virgili), \u00abLa relaci\u00f3n entre la administraci\u00f3n local y provincial: un caso concreto, el Ayuntamiento de Vic en los inicios del liberalismo.<\/p>\n<p>Dra. Sara Moreno Tejada (Universidad Miguel Hern\u00e1ndez de Elche), \u00abLos \u00f3rganos consultivos de la Administraci\u00f3n provincial: Diputaciones, Consejos y Comisiones\u00bb.<\/p>\n<h1 style=\"text-align: center\"><strong>7 de octubre<\/strong><\/h1>\n<p><strong>9.30h. Mesa 3.\u00a0<em>Diputaciones y transiciones pol\u00edticas<\/em><\/strong><\/p>\n<p>Dr. Eduardo Galv\u00e1n Rodr\u00edguez (Universidad Las Palmas de Gran Canaria), \u00abLa Diputaci\u00f3n Provincial de Puerto Rico: una v\u00edctima de las transiciones pol\u00edticas\u00bb.<\/p>\n<p>Dra. Marta Friera \u00c1lvarez (Universidad de Oviedo), \u00abLa Diputaci\u00f3n Provincial asturiana en el tr\u00e1nsito al liberalismo (1813-1835\u00bb.<\/p>\n<p>Dr. Antoni Jord\u00e0 Fern\u00e1ndez (Universitat Rovira i Virgili), \u00abLa Diputaci\u00f3n Provincial de Tarragona en las transiciones pol\u00edticas; 1868; 1873-74; 1931-32; 1938-39; 1978-79\u00bb.<\/p>\n<p>Dr. Rafael Jes\u00fas Vera Torrecillas (Universidad de Huelva), \u00abContinuidad y discontinuidad de las \u00e9lites locales en los procesos de transici\u00f3n: el caso de la Diputaci\u00f3n Provincial de Huelva\u00bb.<\/p>\n<p><strong>12h. Descanso<\/strong><\/p>\n<p><strong>12.15h. Mesa 4.\u00a0<em>El futuro de las Diputaciones<\/em><\/strong><\/p>\n<p>Dr. Enrique Ordu\u00f1a Prada (Universidad Complutense de Madrid), \u00abModelos de Diputaciones Provinciales en el siglo XXI: a prop\u00f3sito de su papel como gobierno intermedio\u00bb.<\/p>\n<p><strong>13.15h. Clausura de las Jornadas a cargo del M. I. Sr. Joaquim Nin, vicepresidente de la Diputaci\u00f3n de Tarragona.<\/strong><\/p>\n<p>[\/et_pb_text][\/et_pb_column][\/et_pb_row][\/et_pb_section]<\/p>\n","protected":false},"excerpt":{"rendered":"<p>\u00a06 de octubre 16h. Inauguraci\u00f3n de las Jornadas a cargo de la ilustr\u00edsima Sra. Noem\u00ed Llaurad\u00f3 i Sans, presidenta de la Diputaci\u00f3n de Tarragona 16.15h. Mesa 1.\u00a0Las Diputaciones Provinciales y la organizaci\u00f3n del territorio Dr. Jos\u00e9 Antonio P\u00e9rez Juan (Universidad Miguel Hern\u00e1ndez de Elche), \u00abEl modelo territorial gaditano en la revoluci\u00f3n siciliana de 1821. Un [&hellip;]<\/p>\n","protected":false},"author":5726,"featured_media":0,"comment_status":"closed","ping_status":"open","sticky":false,"template":"","format":"standard","meta":{"_et_pb_use_builder":"on","_et_pb_old_content":"<p style=\"text-align: justify\"><a href=\"https:\/\/historiadelderecho.umh.es\/2022\/10\/03\/6-de-octubre\/\" target=\"_blank\" rel=\"noopener\"><strong>6 de octubre<\/strong><\/a><\/p>\r\n<a href=\"https:\/\/historiadelderecho.umh.es\/2022\/10\/03\/7-de-octubre\/\" target=\"_blank\" rel=\"noopener\"><strong>7 de octubre<\/strong><\/a>","_et_gb_content_width":"","_links_to":"","_links_to_target":""},"categories":[1],"tags":[],"_links":{"self":[{"href":"https:\/\/historiadelderecho.umh.es\/en\/wp-json\/wp\/v2\/posts\/2240"}],"collection":[{"href":"https:\/\/historiadelderecho.umh.es\/en\/wp-json\/wp\/v2\/posts"}],"about":[{"href":"https:\/\/historiadelderecho.umh.es\/en\/wp-json\/wp\/v2\/types\/post"}],"author":[{"embeddable":true,"href":"https:\/\/historiadelderecho.umh.es\/en\/wp-json\/wp\/v2\/users\/5726"}],"replies":[{"embeddable":true,"href":"https:\/\/historiadelderecho.umh.es\/en\/wp-json\/wp\/v2\/comments?post=2240"}],"version-history":[{"count":0,"href":"https:\/\/historiadelderecho.umh.es\/en\/wp-json\/wp\/v2\/posts\/2240\/revisions"}],"wp:attachment":[{"href":"https:\/\/historiadelderecho.umh.es\/en\/wp-json\/wp\/v2\/media?parent=2240"}],"wp:term":[{"taxonomy":"category","embeddable":true,"href":"https:\/\/historiadelderecho.umh.es\/en\/wp-json\/wp\/v2\/categories?post=2240"},{"taxonomy":"post_tag","embeddable":true,"href":"https:\/\/historiadelderecho.umh.es\/en\/wp-json\/wp\/v2\/tags?post=2240"}],"curies":[{"name":"wp","href":"https:\/\/api.w.org\/{rel}","templated":true}]}}